{"id":19,"date":"2025-09-14T08:00:00","date_gmt":"2025-09-14T06:00:00","guid":{"rendered":"https:\/\/nos-super-commercants.fr\/index.php\/2025\/09\/14\/interviews-avec-des-artisans-locaux-les-histoires-derriere-les-produits\/"},"modified":"2025-09-14T08:00:00","modified_gmt":"2025-09-14T06:00:00","slug":"interviews-avec-des-artisans-locaux-les-histoires-derriere-les-produits","status":"publish","type":"post","link":"https:\/\/nos-super-commercants.fr\/index.php\/2025\/09\/14\/interviews-avec-des-artisans-locaux-les-histoires-derriere-les-produits\/","title":{"rendered":"Interviews avec des Artisans Locaux: Les Histoires Derri\u00e8re les Produits"},"content":{"rendered":"<article>\n<section>\n<div id=\"ez-toc-container\" class=\"ez-toc-v2_0_82_2 counter-hierarchy ez-toc-counter ez-toc-grey ez-toc-container-direction\">\n<div class=\"ez-toc-title-container\">\n<p class=\"ez-toc-title\" style=\"cursor:inherit\">Table of Contents<\/p>\n<span class=\"ez-toc-title-toggle\"><a href=\"#\" class=\"ez-toc-pull-right ez-toc-btn ez-toc-btn-xs ez-toc-btn-default ez-toc-toggle\" aria-label=\"Toggle Table of Content\"><span class=\"ez-toc-js-icon-con\"><span class=\"\"><span class=\"eztoc-hide\" style=\"display:none;\">Toggle<\/span><span class=\"ez-toc-icon-toggle-span\"><svg style=\"fill: #999;color:#999\" xmlns=\"http:\/\/www.w3.org\/2000\/svg\" class=\"list-377408\" width=\"20px\" height=\"20px\" viewBox=\"0 0 24 24\" fill=\"none\"><path d=\"M6 6H4v2h2V6zm14 0H8v2h12V6zM4 11h2v2H4v-2zm16 0H8v2h12v-2zM4 16h2v2H4v-2zm16 0H8v2h12v-2z\" fill=\"currentColor\"><\/path><\/svg><svg style=\"fill: #999;color:#999\" class=\"arrow-unsorted-368013\" xmlns=\"http:\/\/www.w3.org\/2000\/svg\" width=\"10px\" height=\"10px\" viewBox=\"0 0 24 24\" version=\"1.2\" baseProfile=\"tiny\"><path d=\"M18.2 9.3l-6.2-6.3-6.2 6.3c-.2.2-.3.4-.3.7s.1.5.3.7c.2.2.4.3.7.3h11c.3 0 .5-.1.7-.3.2-.2.3-.5.3-.7s-.1-.5-.3-.7zM5.8 14.7l6.2 6.3 6.2-6.3c.2-.2.3-.5.3-.7s-.1-.5-.3-.7c-.2-.2-.4-.3-.7-.3h-11c-.3 0-.5.1-.7.3-.2.2-.3.5-.3.7s.1.5.3.7z\"\/><\/svg><\/span><\/span><\/span><\/a><\/span><\/div>\n<nav><ul class='ez-toc-list ez-toc-list-level-1 ' ><li class='ez-toc-page-1 ez-toc-heading-level-2'><a class=\"ez-toc-link ez-toc-heading-1\" href=\"https:\/\/nos-super-commercants.fr\/index.php\/2025\/09\/14\/interviews-avec-des-artisans-locaux-les-histoires-derriere-les-produits\/#LArt_de_la_Creation_Interviews_dArtisans_Locaux\" >L&#039;Art de la Cr\u00e9ation : Interviews d&#039;Artisans Locaux<\/a><\/li><li class='ez-toc-page-1 ez-toc-heading-level-2'><a class=\"ez-toc-link ez-toc-heading-2\" href=\"https:\/\/nos-super-commercants.fr\/index.php\/2025\/09\/14\/interviews-avec-des-artisans-locaux-les-histoires-derriere-les-produits\/#Temoignage_de_Commercant_Entre_Passion_et_Defi\" >T\u00e9moignage de Commer\u00e7ant : Entre Passion et D\u00e9fi<\/a><\/li><li class='ez-toc-page-1 ez-toc-heading-level-2'><a class=\"ez-toc-link ez-toc-heading-3\" href=\"https:\/\/nos-super-commercants.fr\/index.php\/2025\/09\/14\/interviews-avec-des-artisans-locaux-les-histoires-derriere-les-produits\/#Portrait_de_Createur_Local_Histoires_de_Resilience_et_de_Creativite\" >Portrait de Cr\u00e9ateur Local : Histoires de R\u00e9silience et de Cr\u00e9ativit\u00e9<\/a><\/li><\/ul><\/nav><\/div>\n<h2><span class=\"ez-toc-section\" id=\"LArt_de_la_Creation_Interviews_dArtisans_Locaux\"><\/span>L&#039;Art de la Cr\u00e9ation : Interviews d&#039;Artisans Locaux<span class=\"ez-toc-section-end\"><\/span><\/h2>\n<p>Dans un monde o\u00f9 la production de masse tend \u00e0 uniformiser les produits, les artisans locaux \u00e9mergent comme des gardiens de l&#039;authenticit\u00e9 et de la diversit\u00e9 culturelle. Les interviews d&#039;artisans locaux r\u00e9v\u00e8lent souvent des univers passionnants et riches en \u00e9motions. Chaque cr\u00e9ateur a une histoire unique \u00e0 raconter, une raison personnelle qui l\u2019a pouss\u00e9 \u00e0 se lancer dans l&#039;artisanat, et un parcours souvent sem\u00e9 d&#039;emb\u00fbches mais \u00e9galement de succ\u00e8s. Par exemple, Jean-Paul, souffleur de verre de la r\u00e9gion bordelaise, raconte comment il a h\u00e9rit\u00e9 de la passion de son grand-p\u00e8re pour le verre, un art qu&#039;il peaufine depuis maintenant plus de vingt ans. <\/p>\n<p>L&#039;interview d&#039;artisan va bien au-del\u00e0 de la simple discussion sur le produit fini. Elle est l&#039;occasion de plonger dans l&#039;univers singulier de l&#039;artisan, de comprendre ses inspirations et ses motivations. Les artisans nous rappellent souvent que leurs cr\u00e9ations ne sont pas seulement des objets mais des fragments de leur histoire personnelle. Chaque pi\u00e8ce parle de la passion, de la patience et parfois, de sacrifices. Ils mettent en lumi\u00e8re comment les traditions anciennes se m\u00ealent aux visions contemporaines pour donner naissance \u00e0 des \u0153uvres uniques. Les t\u00e9moignages de commer\u00e7ants accentuent l\u2019importance de maintenir vivantes ces traditions tout en s\u2019adaptant \u00e0 notre \u00e9poque moderne. <\/p>\n<p>Ces interviews inspirent \u00e9galement d&#039;autres passionn\u00e9s \u00e0 emprunter le m\u00eame chemin. Les histoires de produits artisanaux, souvent li\u00e9s \u00e0 des anecdotes personnelles et \u00e0 des exp\u00e9riences de vie, illustrent la richesse culturelle et la cr\u00e9ativit\u00e9 sans limites des cr\u00e9ateurs locaux. Ainsi, \u00e0 travers ces t\u00e9moignages, on ne d\u00e9couvre pas seulement des produits, mais les hommes et les femmes, les mains et les esprits qui les ont forg\u00e9s.<\/p>\n<\/section>\n<section>\n<h2><span class=\"ez-toc-section\" id=\"Temoignage_de_Commercant_Entre_Passion_et_Defi\"><\/span>T\u00e9moignage de Commer\u00e7ant : Entre Passion et D\u00e9fi<span class=\"ez-toc-section-end\"><\/span><\/h2>\n<p>Dans chaque quartier, chaque ville, les commer\u00e7ants et artisans locaux jouent un r\u00f4le vital en pr\u00e9servant une partie de notre patrimoine culturel et en fa\u00e7onnant nos communaut\u00e9s. \u00c0 travers le t\u00e9moignage de commer\u00e7ant, on d\u00e9couvre non seulement les d\u00e9fis auxquels ils font face au quotidien, mais aussi la passion qui les anime. Il est fascinant de constater \u00e0 quel point leur parcours est \u00e0 la fois unique et universel, entre les succ\u00e8s \u00e9clatants et les d\u00e9fis constants qu\u2019ils doivent relever.<\/p>\n<p>Prenons l&#039;exemple de Sophie, une poti\u00e8re install\u00e9e dans le c\u0153ur historique de Lyon. Dans son atelier, elle nous raconte les d\u00e9fis de gestion qu\u2019elle rencontre, de l&#039;approvisionnement en mati\u00e8res premi\u00e8res \u00e0 la promotion de ses cr\u00e9ations dans un march\u00e9 concurrentiel. Mais chaque d\u00e9fi est aussi une opportunit\u00e9 d&#039;apprendre et de se d\u00e9passer. Ce qui ressort souvent de ces t\u00e9moignages, c&#039;est la r\u00e9silience et la capacit\u00e9 d&#039;innovation des artisans. Sophie a, par exemple, d\u00e9cid\u00e9 de proposer des ateliers de poterie pour impliquer davantage la communaut\u00e9 locale et faire d\u00e9couvrir l&#039;art de la c\u00e9ramique.<\/p>\n<p>Les commer\u00e7ants parlent \u00e9galement de l\u2019importance des r\u00e9seaux locaux et du soutien de la communaut\u00e9, qui peuvent faire toute la diff\u00e9rence dans la survie et le succ\u00e8s de leur entreprise. Ils soulignent comment le bouche-\u00e0-oreille et les recommandations locales restent des outils puissants, m\u00eame \u00e0 l&#039;\u00e8re digitale. Chaque t\u00e9moignage de commer\u00e7ant est une le\u00e7on de vie qui inspire, montre l&#039;importance de la passion pour maintenir la motivation, et souligne le r\u00f4le central de la communaut\u00e9 dans la p\u00e9rennit\u00e9 de l\u2019artisanat.<\/p>\n<\/section>\n<section>\n<h2><span class=\"ez-toc-section\" id=\"Portrait_de_Createur_Local_Histoires_de_Resilience_et_de_Creativite\"><\/span>Portrait de Cr\u00e9ateur Local : Histoires de R\u00e9silience et de Cr\u00e9ativit\u00e9<span class=\"ez-toc-section-end\"><\/span><\/h2>\n<p>Les portraits de cr\u00e9ateurs locaux nous offrent des r\u00e9cits inspirants de r\u00e9silience et d&#039;innovation qui capturent l&#039;essence m\u00eame de l&#039;artisanat. Chaque portrait r\u00e9v\u00e8le une vie d\u00e9di\u00e9e \u00e0 la cr\u00e9ation, o\u00f9 chaque produit artisanal incarne une part de l&#039;\u00e2me du cr\u00e9ateur. Ces portraits sont essentiels pour comprendre comment ces artisans parviennent \u00e0 naviguer entre tradition et modernit\u00e9, tout en conservant l&#039;int\u00e9grit\u00e9 de leur art.<\/p>\n<p>Par exemple, le portrait de Claire, une jeune cr\u00e9atrice de bijoux en Provence, est fascinant. Apr\u00e8s avoir travaill\u00e9 dans l&#039;industrie de la mode \u00e0 Paris, elle a choisi de revenir \u00e0 ses racines pour lancer sa propre ligne de bijoux. Sa d\u00e9marche est un savant m\u00e9lange de techniques anciennes et de design contemporain. Claire explique que chaque pi\u00e8ce qu&#039;elle cr\u00e9e raconte une histoire, souvent inspir\u00e9e de la nature environnante et de ses voyages. Son travail est une illustration parfaite de la mani\u00e8re dont l&#039;artisanat local peut \u00e9voluer et s&#039;adapter aux nouvelles tendances, tout en restant fid\u00e8le \u00e0 ses racines.<\/p>\n<p>Ces portraits sont aussi une ode \u00e0 la pers\u00e9v\u00e9rance. Les cr\u00e9ateurs locaux doivent souvent faire face \u00e0 une multitude de d\u00e9fis, de la concurrence des produits industriels \u00e0 la n\u00e9cessit\u00e9 de se r\u00e9inventer sans cesse. Pourtant, c&#039;est leur capacit\u00e9 \u00e0 voir des opportunit\u00e9s l\u00e0 o\u00f9 d&#039;autres voient des obstacles qui les distingue. En d\u00e9finitive, ces portraits de cr\u00e9ateurs locaux ne sont pas seulement des histoires de produits artisanaux, mais des narrations de vies d\u00e9di\u00e9es \u00e0 l&#039;art et \u00e0 la communaut\u00e9, inspirant \u00e0 embrasser la cr\u00e9ativit\u00e9 et l&#039;authenticit\u00e9 dans tous les aspects de la vie.<\/p>\n<\/section>\n<\/article>\n","protected":false},"excerpt":{"rendered":"<p>L&#039;Art de la Cr\u00e9ation : Interviews d&#039;Artisans Locaux Dans un monde o\u00f9 la production de masse tend \u00e0 uniformiser les produits, les artisans locaux \u00e9mergent comme des gardiens de l&#039;authenticit\u00e9 et de la diversit\u00e9 culturelle. Les interviews d&#039;artisans locaux r\u00e9v\u00e8lent souvent des univers passionnants et riches en \u00e9motions. Chaque cr\u00e9ateur a une histoire unique \u00e0&#8230;<\/p>\n","protected":false},"author":4,"featured_media":0,"comment_status":"closed","ping_status":"closed","sticky":false,"template":"","format":"standard","meta":{"_kad_post_transparent":"","_kad_post_title":"","_kad_post_layout":"","_kad_post_sidebar_id":"","_kad_post_content_style":"","_kad_post_vertical_padding":"","_kad_post_feature":"","_kad_post_feature_position":"","_kad_post_header":false,"_kad_post_footer":false,"footnotes":"","rank_math_title":"","rank_math_description":"","rank_math_canonical_url":""},"categories":[50],"tags":[],"class_list":["post-19","post","type-post","status-publish","format-standard","hentry","category-interviews"],"_links":{"self":[{"href":"https:\/\/nos-super-commercants.fr\/index.php\/wp-json\/wp\/v2\/posts\/19","targetHints":{"allow":["GET"]}}],"collection":[{"href":"https:\/\/nos-super-commercants.fr\/index.php\/wp-json\/wp\/v2\/posts"}],"about":[{"href":"https:\/\/nos-super-commercants.fr\/index.php\/wp-json\/wp\/v2\/types\/post"}],"author":[{"embeddable":true,"href":"https:\/\/nos-super-commercants.fr\/index.php\/wp-json\/wp\/v2\/users\/4"}],"replies":[{"embeddable":true,"href":"https:\/\/nos-super-commercants.fr\/index.php\/wp-json\/wp\/v2\/comments?post=19"}],"version-history":[{"count":0,"href":"https:\/\/nos-super-commercants.fr\/index.php\/wp-json\/wp\/v2\/posts\/19\/revisions"}],"wp:attachment":[{"href":"https:\/\/nos-super-commercants.fr\/index.php\/wp-json\/wp\/v2\/media?parent=19"}],"wp:term":[{"taxonomy":"category","embeddable":true,"href":"https:\/\/nos-super-commercants.fr\/index.php\/wp-json\/wp\/v2\/categories?post=19"},{"taxonomy":"post_tag","embeddable":true,"href":"https:\/\/nos-super-commercants.fr\/index.php\/wp-json\/wp\/v2\/tags?post=19"}],"curies":[{"name":"wp","href":"https:\/\/api.w.org\/{rel}","templated":true}]}}