{"id":34,"date":"2025-06-11T08:00:00","date_gmt":"2025-06-11T06:00:00","guid":{"rendered":"https:\/\/nos-super-commercants.fr\/index.php\/2025\/06\/11\/portrait-dun-entrepreneur-local-inspirant-temoignage-et-reflexions\/"},"modified":"2025-06-11T08:00:00","modified_gmt":"2025-06-11T06:00:00","slug":"portrait-dun-entrepreneur-local-inspirant-temoignage-et-reflexions","status":"publish","type":"post","link":"https:\/\/nos-super-commercants.fr\/index.php\/2025\/06\/11\/portrait-dun-entrepreneur-local-inspirant-temoignage-et-reflexions\/","title":{"rendered":"Portrait d&rsquo;un Entrepreneur Local Inspirant: T\u00e9moignage et R\u00e9flexions"},"content":{"rendered":"<article>\n<section>\n<div id=\"ez-toc-container\" class=\"ez-toc-v2_0_82_2 counter-hierarchy ez-toc-counter ez-toc-grey ez-toc-container-direction\">\n<div class=\"ez-toc-title-container\">\n<p class=\"ez-toc-title\" style=\"cursor:inherit\">Table of Contents<\/p>\n<span class=\"ez-toc-title-toggle\"><a href=\"#\" class=\"ez-toc-pull-right ez-toc-btn ez-toc-btn-xs ez-toc-btn-default ez-toc-toggle\" aria-label=\"Toggle Table of Content\"><span class=\"ez-toc-js-icon-con\"><span class=\"\"><span class=\"eztoc-hide\" style=\"display:none;\">Toggle<\/span><span class=\"ez-toc-icon-toggle-span\"><svg style=\"fill: #999;color:#999\" xmlns=\"http:\/\/www.w3.org\/2000\/svg\" class=\"list-377408\" width=\"20px\" height=\"20px\" viewBox=\"0 0 24 24\" fill=\"none\"><path d=\"M6 6H4v2h2V6zm14 0H8v2h12V6zM4 11h2v2H4v-2zm16 0H8v2h12v-2zM4 16h2v2H4v-2zm16 0H8v2h12v-2z\" fill=\"currentColor\"><\/path><\/svg><svg style=\"fill: #999;color:#999\" class=\"arrow-unsorted-368013\" xmlns=\"http:\/\/www.w3.org\/2000\/svg\" width=\"10px\" height=\"10px\" viewBox=\"0 0 24 24\" version=\"1.2\" baseProfile=\"tiny\"><path d=\"M18.2 9.3l-6.2-6.3-6.2 6.3c-.2.2-.3.4-.3.7s.1.5.3.7c.2.2.4.3.7.3h11c.3 0 .5-.1.7-.3.2-.2.3-.5.3-.7s-.1-.5-.3-.7zM5.8 14.7l6.2 6.3 6.2-6.3c.2-.2.3-.5.3-.7s-.1-.5-.3-.7c-.2-.2-.4-.3-.7-.3h-11c-.3 0-.5.1-.7.3-.2.2-.3.5-.3.7s.1.5.3.7z\"\/><\/svg><\/span><\/span><\/span><\/a><\/span><\/div>\n<nav><ul class='ez-toc-list ez-toc-list-level-1 ' ><li class='ez-toc-page-1 ez-toc-heading-level-2'><a class=\"ez-toc-link ez-toc-heading-1\" href=\"https:\/\/nos-super-commercants.fr\/index.php\/2025\/06\/11\/portrait-dun-entrepreneur-local-inspirant-temoignage-et-reflexions\/#Un_Parcours_Etonnant_Vers_la_Reussite_Locale\" >Un Parcours \u00c9tonnant Vers la R\u00e9ussite Locale<\/a><\/li><li class='ez-toc-page-1 ez-toc-heading-level-2'><a class=\"ez-toc-link ez-toc-heading-2\" href=\"https:\/\/nos-super-commercants.fr\/index.php\/2025\/06\/11\/portrait-dun-entrepreneur-local-inspirant-temoignage-et-reflexions\/#Temoignage_Inspirant_Interview_avec_un_Commercant_Engage\" >T\u00e9moignage Inspirant : Interview avec un Commer\u00e7ant Engag\u00e9<\/a><\/li><li class='ez-toc-page-1 ez-toc-heading-level-2'><a class=\"ez-toc-link ez-toc-heading-3\" href=\"https:\/\/nos-super-commercants.fr\/index.php\/2025\/06\/11\/portrait-dun-entrepreneur-local-inspirant-temoignage-et-reflexions\/#Reflexions_sur_lAvenir_du_Commerce_Local\" >R\u00e9flexions sur l&#039;Avenir du Commerce Local<\/a><\/li><\/ul><\/nav><\/div>\n<h2><span class=\"ez-toc-section\" id=\"Un_Parcours_Etonnant_Vers_la_Reussite_Locale\"><\/span>Un Parcours \u00c9tonnant Vers la R\u00e9ussite Locale<span class=\"ez-toc-section-end\"><\/span><\/h2>\n<p>Dans un monde \u00e9conomiquement tumultueux, certaines histoires sortent du lot par leur capacit\u00e9 \u00e0 inspirer et \u00e0 d\u00e9montrer que la pers\u00e9v\u00e9rance et l&#039;innovation restent des moteurs puissants pour la r\u00e9ussite locale. Aujourd&#039;hui, nous avons le plaisir de vous pr\u00e9senter le portrait d&#039;un entrepreneur dont l&#039;aventure dans le monde du commerce local est tout simplement inspirante. Il s&#039;agit de Marc Lef\u00e8vre, un commer\u00e7ant de 42 ans qui a su transformer une petite boutique de quartier en un acteur incontournable de la r\u00e9gion.<\/p>\n<p>Marc a d\u00e9marr\u00e9 son activit\u00e9 il y a quinze ans avec rien d&#039;autre que sa passion pour les produits locaux et un petit magasin de 30 m\u00e8tres carr\u00e9s. Aujourd&#039;hui, son entreprise, &quot;Au Terroir Gourmand&quot;, est un nom bien connu parmi les habitants et les visiteurs de la r\u00e9gion. En mettant l&#039;accent sur des produits artisanaux et en \u00e9tablissant des partenariats avec des producteurs locaux, Marc a su non seulement attirer une client\u00e8le fid\u00e8le mais aussi cr\u00e9er un r\u00e9seau solide qui soutient l&#039;\u00e9conomie locale.<\/p>\n<p>Son parcours n&#039;a pas \u00e9t\u00e9 sans emb\u00fbches. En 2020, la pand\u00e9mie de COVID-19 a bien failli mettre un terme \u00e0 ses activit\u00e9s. Cependant, sa d\u00e9termination \u00e0 r\u00e9ussir et son esprit d&#039;adaptation ont permis \u00e0 son entreprise de survivre et m\u00eame de prosp\u00e9rer. Il a notamment diversifi\u00e9 ses canaux de distribution en se lan\u00e7ant dans la vente en ligne et en proposant un service de livraison \u00e0 domicile, qui a rencontr\u00e9 un franc succ\u00e8s. Cette capacit\u00e9 \u00e0 s&#039;adapter rapidement aux changements du march\u00e9 est un trait marquant de son succ\u00e8s.<\/p>\n<\/section>\n<section>\n<h2><span class=\"ez-toc-section\" id=\"Temoignage_Inspirant_Interview_avec_un_Commercant_Engage\"><\/span>T\u00e9moignage Inspirant : Interview avec un Commer\u00e7ant Engag\u00e9<span class=\"ez-toc-section-end\"><\/span><\/h2>\n<p>Lors de notre interview avec Marc Lef\u00e8vre, son humilit\u00e9 et sa passion pour son m\u00e9tier transparaissent imm\u00e9diatement. &quot;Ce n&#039;est pas seulement une question de vendre des produits,&quot; nous confie-t-il avec un sourire chaleureux. &quot;C&#039;est une mission de connecter les gens avec la richesse de notre terroir et de promouvoir une consommation plus responsable.&quot; Ce t\u00e9moignage inspirant souligne l&#039;importance de la passion dans le parcours entrepreneurial.<\/p>\n<p>Marc se d\u00e9crit comme un perp\u00e9tuel apprenant, toujours \u00e0 la recherche de nouvelles id\u00e9es pour am\u00e9liorer et diversifier son offre. Sa strat\u00e9gie consiste \u00e0 \u00e9couter constamment ses clients et \u00e0 \u00eatre \u00e0 l&#039;aff\u00fbt des tendances \u00e9mergentes dans le domaine de l&#039;alimentation et de la gastronomie. &quot;L&#039;\u00e9coute est essentielle,&quot; dit-il. &quot;C&#039;est gr\u00e2ce \u00e0 elle que j&#039;ai pu introduire des produits qui sont d\u00e9sormais des best-sellers.&quot;<\/p>\n<p>Il \u00e9voque \u00e9galement l&#039;importance de la communaut\u00e9 dans son aventure, affirmant que sans le soutien de ses clients et de ses partenaires locaux, son succ\u00e8s n&#039;aurait pas \u00e9t\u00e9 possible. &quot;Nous ne faisons pas que vendre des produits; nous cr\u00e9ons un lien avec notre communaut\u00e9. Cela donne un sens \u00e0 notre travail au-del\u00e0 des chiffres,&quot; affirme-t-il. Ce t\u00e9moignage illustrant une r\u00e9ussite locale d\u00e9montre comment un entrepreneur peut impulser un changement positif et durable autour de lui.<\/p>\n<\/section>\n<section>\n<h2><span class=\"ez-toc-section\" id=\"Reflexions_sur_lAvenir_du_Commerce_Local\"><\/span>R\u00e9flexions sur l&#039;Avenir du Commerce Local<span class=\"ez-toc-section-end\"><\/span><\/h2>\n<p>En discutant avec Marc Lef\u00e8vre, il devient clair que la r\u00e9ussite locale repose sur une vision claire et une capacit\u00e9 \u00e0 anticiper l&#039;\u00e9volution du march\u00e9. Selon lui, l&#039;avenir du commerce local repose sur deux piliers principaux : l&#039;authenticit\u00e9 et la durabilit\u00e9. Marc est convaincu que les consommateurs recherchent de plus en plus des exp\u00e9riences d&#039;achat qui ont du sens et qui soutiennent des causes auxquelles ils croient. &quot;\u00catre authentique dans ce que vous proposez est plus important que jamais,&quot; souligne-t-il.<\/p>\n<p>Il croit fermement que l&#039;avenir du commerce local passe par l&#039;int\u00e9gration de pratiques durables, non seulement pour fid\u00e9liser les clients, mais aussi pour assurer la p\u00e9rennit\u00e9 de l&#039;activit\u00e9. &quot;Nous devons \u00eatre conscients de notre impact et chercher \u00e0 r\u00e9duire notre empreinte \u00e9cologique \u00e0 chaque \u00e9tape, du fournisseur au consommateur,&quot; ajoute-t-il.<\/p>\n<p>Enfin, Marc aborde l&#039;importance de l&#039;innovation dans le maintien de la comp\u00e9titivit\u00e9. &quot;M\u00eame en tant que petit commerce local, nous ne pouvons pas ignorer la transformation num\u00e9rique. Le commerce en ligne n&#039;est pas un adversaire; c&#039;est un alli\u00e9 qui peut nous aider \u00e0 atteindre un public plus large,&quot; affirme-t-il. Cette vision avant-gardiste et engag\u00e9e de l&#039;entrepreneuriat local fait de Marc Lef\u00e8vre un mod\u00e8le inspirant pour les futurs entrepreneurs d\u00e9sireux de se lancer dans le commerce local et de contribuer positivement \u00e0 leur communaut\u00e9.<\/p>\n<\/section>\n<\/article>\n","protected":false},"excerpt":{"rendered":"<p>Un Parcours \u00c9tonnant Vers la R\u00e9ussite Locale Dans un monde \u00e9conomiquement tumultueux, certaines histoires sortent du lot par leur capacit\u00e9 \u00e0 inspirer et \u00e0 d\u00e9montrer que la pers\u00e9v\u00e9rance et l&#039;innovation restent des moteurs puissants pour la r\u00e9ussite locale. Aujourd&#039;hui, nous avons le plaisir de vous pr\u00e9senter le portrait d&#039;un entrepreneur dont l&#039;aventure dans le monde&#8230;<\/p>\n","protected":false},"author":4,"featured_media":0,"comment_status":"closed","ping_status":"closed","sticky":false,"template":"","format":"standard","meta":{"_kad_post_transparent":"","_kad_post_title":"","_kad_post_layout":"","_kad_post_sidebar_id":"","_kad_post_content_style":"","_kad_post_vertical_padding":"","_kad_post_feature":"","_kad_post_feature_position":"","_kad_post_header":false,"_kad_post_footer":false,"footnotes":"","rank_math_title":"","rank_math_description":"","rank_math_canonical_url":""},"categories":[50],"tags":[],"class_list":["post-34","post","type-post","status-publish","format-standard","hentry","category-interviews"],"_links":{"self":[{"href":"https:\/\/nos-super-commercants.fr\/index.php\/wp-json\/wp\/v2\/posts\/34","targetHints":{"allow":["GET"]}}],"collection":[{"href":"https:\/\/nos-super-commercants.fr\/index.php\/wp-json\/wp\/v2\/posts"}],"about":[{"href":"https:\/\/nos-super-commercants.fr\/index.php\/wp-json\/wp\/v2\/types\/post"}],"author":[{"embeddable":true,"href":"https:\/\/nos-super-commercants.fr\/index.php\/wp-json\/wp\/v2\/users\/4"}],"replies":[{"embeddable":true,"href":"https:\/\/nos-super-commercants.fr\/index.php\/wp-json\/wp\/v2\/comments?post=34"}],"version-history":[{"count":0,"href":"https:\/\/nos-super-commercants.fr\/index.php\/wp-json\/wp\/v2\/posts\/34\/revisions"}],"wp:attachment":[{"href":"https:\/\/nos-super-commercants.fr\/index.php\/wp-json\/wp\/v2\/media?parent=34"}],"wp:term":[{"taxonomy":"category","embeddable":true,"href":"https:\/\/nos-super-commercants.fr\/index.php\/wp-json\/wp\/v2\/categories?post=34"},{"taxonomy":"post_tag","embeddable":true,"href":"https:\/\/nos-super-commercants.fr\/index.php\/wp-json\/wp\/v2\/tags?post=34"}],"curies":[{"name":"wp","href":"https:\/\/api.w.org\/{rel}","templated":true}]}}