{"id":76,"date":"2025-09-07T08:00:00","date_gmt":"2025-09-07T06:00:00","guid":{"rendered":"https:\/\/nos-super-commercants.fr\/index.php\/2025\/09\/07\/portraits-et-temoignages-les-secrets-des-commercants-qui-font-vivre-nos-quartiers\/"},"modified":"2025-09-07T08:00:00","modified_gmt":"2025-09-07T06:00:00","slug":"portraits-et-temoignages-les-secrets-des-commercants-qui-font-vivre-nos-quartiers","status":"publish","type":"post","link":"https:\/\/nos-super-commercants.fr\/index.php\/2025\/09\/07\/portraits-et-temoignages-les-secrets-des-commercants-qui-font-vivre-nos-quartiers\/","title":{"rendered":"Portraits et t\u00e9moignages : Les secrets des commer\u00e7ants qui font vivre nos quartiers"},"content":{"rendered":"<article>\n<section>\n<div id=\"ez-toc-container\" class=\"ez-toc-v2_0_82_2 counter-hierarchy ez-toc-counter ez-toc-grey ez-toc-container-direction\">\n<div class=\"ez-toc-title-container\">\n<p class=\"ez-toc-title\" style=\"cursor:inherit\">Table of Contents<\/p>\n<span class=\"ez-toc-title-toggle\"><a href=\"#\" class=\"ez-toc-pull-right ez-toc-btn ez-toc-btn-xs ez-toc-btn-default ez-toc-toggle\" aria-label=\"Toggle Table of Content\"><span class=\"ez-toc-js-icon-con\"><span class=\"\"><span class=\"eztoc-hide\" style=\"display:none;\">Toggle<\/span><span class=\"ez-toc-icon-toggle-span\"><svg style=\"fill: #999;color:#999\" xmlns=\"http:\/\/www.w3.org\/2000\/svg\" class=\"list-377408\" width=\"20px\" height=\"20px\" viewBox=\"0 0 24 24\" fill=\"none\"><path d=\"M6 6H4v2h2V6zm14 0H8v2h12V6zM4 11h2v2H4v-2zm16 0H8v2h12v-2zM4 16h2v2H4v-2zm16 0H8v2h12v-2z\" fill=\"currentColor\"><\/path><\/svg><svg style=\"fill: #999;color:#999\" class=\"arrow-unsorted-368013\" xmlns=\"http:\/\/www.w3.org\/2000\/svg\" width=\"10px\" height=\"10px\" viewBox=\"0 0 24 24\" version=\"1.2\" baseProfile=\"tiny\"><path d=\"M18.2 9.3l-6.2-6.3-6.2 6.3c-.2.2-.3.4-.3.7s.1.5.3.7c.2.2.4.3.7.3h11c.3 0 .5-.1.7-.3.2-.2.3-.5.3-.7s-.1-.5-.3-.7zM5.8 14.7l6.2 6.3 6.2-6.3c.2-.2.3-.5.3-.7s-.1-.5-.3-.7c-.2-.2-.4-.3-.7-.3h-11c-.3 0-.5.1-.7.3-.2.2-.3.5-.3.7s.1.5.3.7z\"\/><\/svg><\/span><\/span><\/span><\/a><\/span><\/div>\n<nav><ul class='ez-toc-list ez-toc-list-level-1 ' ><li class='ez-toc-page-1 ez-toc-heading-level-2'><a class=\"ez-toc-link ez-toc-heading-1\" href=\"https:\/\/nos-super-commercants.fr\/index.php\/2025\/09\/07\/portraits-et-temoignages-les-secrets-des-commercants-qui-font-vivre-nos-quartiers\/#Portrait_de_commercant_les_figures_emblematiques_de_nos_rues\" >Portrait de commer\u00e7ant : les figures embl\u00e9matiques de nos rues<\/a><\/li><li class='ez-toc-page-1 ez-toc-heading-level-2'><a class=\"ez-toc-link ez-toc-heading-2\" href=\"https:\/\/nos-super-commercants.fr\/index.php\/2025\/09\/07\/portraits-et-temoignages-les-secrets-des-commercants-qui-font-vivre-nos-quartiers\/#Temoignage_de_quartier_limpact_des_commercants_sur_la_communaute\" >T\u00e9moignage de quartier : l&#039;impact des commer\u00e7ants sur la communaut\u00e9<\/a><\/li><li class='ez-toc-page-1 ez-toc-heading-level-2'><a class=\"ez-toc-link ez-toc-heading-3\" href=\"https:\/\/nos-super-commercants.fr\/index.php\/2025\/09\/07\/portraits-et-temoignages-les-secrets-des-commercants-qui-font-vivre-nos-quartiers\/#Interview_de_boutique_les_defis_et_ambitions_des_entrepreneurs_locaux\" >Interview de boutique : les d\u00e9fis et ambitions des entrepreneurs locaux<\/a><\/li><\/ul><\/nav><\/div>\n<h2><span class=\"ez-toc-section\" id=\"Portrait_de_commercant_les_figures_emblematiques_de_nos_rues\"><\/span>Portrait de commer\u00e7ant : les figures embl\u00e9matiques de nos rues<span class=\"ez-toc-section-end\"><\/span><\/h2>\n<p>Rencontrer les commer\u00e7ants locaux, c&#039;est d\u00e9couvrir des histoires uniques qui enrichissent nos quartiers jour apr\u00e8s jour. Le portrait de commer\u00e7ant est bien plus qu&#039;une simple biographie ; il s&#039;agit de plonger dans le parcours de vie de ces entrepreneurs passionn\u00e9s qui, gr\u00e2ce \u00e0 leur r\u00e9silience et cr\u00e9ativit\u00e9, fa\u00e7onnent le tissu social et \u00e9conomique de nos rues. Prenons l&#039;exemple de Sophie, la boulang\u00e8re du quartier Saint-Antoine depuis pr\u00e8s de quinze ans. Sophie n&#039;est pas seulement une experte en fabrication de p\u00e2tisseries mais \u00e9galement une amie de la communaut\u00e9, toujours pr\u00eate \u00e0 \u00e9changer quelques mots avec ses clients fid\u00e8les. Son engagement envers des produits de haute qualit\u00e9 et son sourire chaleureux ont transform\u00e9 sa boulangerie en un lieu de rassemblement incontournable du quartier.<\/p>\n<p>Derri\u00e8re chaque portrait de commer\u00e7ant se cache souvent une histoire riche de d\u00e9fis surmont\u00e9s. Beaucoup ont commenc\u00e9 avec peu de ressources, arm\u00e9s seulement de leur passion et d&#039;une vision claire. Comme Fabrice, le libraire de la rue des Bouquinistes, qui a quitt\u00e9 une carri\u00e8re dans les finances pour retourner \u00e0 sa v\u00e9ritable passion : les livres. Sa boutique est devenue un sanctuaire pour les amateurs de litt\u00e9rature, une \u00e9tape indispensable pour ceux qui cherchent des ouvrages rares et des conseils avis\u00e9s. Ces portraits r\u00e9v\u00e8lent l&#039;\u00e2me m\u00eame de nos quartiers, oscillant entre tradition et innovation, \u00e0 l&#039;image des villes qu&#039;ils animent.<\/p>\n<\/section>\n<section>\n<h2><span class=\"ez-toc-section\" id=\"Temoignage_de_quartier_limpact_des_commercants_sur_la_communaute\"><\/span>T\u00e9moignage de quartier : l&#039;impact des commer\u00e7ants sur la communaut\u00e9<span class=\"ez-toc-section-end\"><\/span><\/h2>\n<p>Les t\u00e9moignages de quartier sont des r\u00e9cits puissants qui illustrent l&#039;impact profond des commer\u00e7ants sur la vie locale. Ces histoires mettent en lumi\u00e8re la mani\u00e8re dont les petites entreprises contribuent \u00e0 cr\u00e9er du lien social, dynamisent l&#039;\u00e9conomie locale et participent \u00e0 la diversit\u00e9 culturelle. Prenons par exemple le t\u00e9moignage de Claire, une jeune m\u00e8re de famille qui raconte comment la charcuterie de Monsieur Dupont est devenue un v\u00e9ritable point de ralliement pour les habitants de sa rue. En plus de proposer des produits frais et locaux, Monsieur Dupont organise r\u00e9guli\u00e8rement des d\u00e9gustations qui r\u00e9unissent des gens de tous horizons.<\/p>\n<p>Ce type d&#039;initiative souligne l&#039;importance du commerce de proximit\u00e9 dans le maintien d&#039;une vie de quartier dynamique et solidaire. Les commer\u00e7ants ne se contentent pas de fournir des biens et des services ; ils tissent un r\u00e9seau de convivialit\u00e9 et de soutien mutuel. \u00c0 travers ces t\u00e9moignages, il appara\u00eet clairement que le succ\u00e8s de nos quartiers repose en grande partie sur la diversit\u00e9 et la vitalit\u00e9 de ses commer\u00e7ants. Par leurs initiatives, ils encouragent les interactions sociales, r\u00e9duisent l&#039;isolement et renforcent le sentiment d&#039;appartenance \u00e0 une communaut\u00e9 vivante et accueillante.<\/p>\n<\/section>\n<section>\n<h2><span class=\"ez-toc-section\" id=\"Interview_de_boutique_les_defis_et_ambitions_des_entrepreneurs_locaux\"><\/span>Interview de boutique : les d\u00e9fis et ambitions des entrepreneurs locaux<span class=\"ez-toc-section-end\"><\/span><\/h2>\n<p>Dans le cadre des interviews de boutique, nous avons rencontr\u00e9 plusieurs commer\u00e7ants qui partagent leurs d\u00e9fis quotidiens et leurs ambitions pour l&#039;avenir. Ces entretiens offrent une perspective unique sur la vie des commer\u00e7ants, r\u00e9v\u00e9lant les efforts constants n\u00e9cessaires pour maintenir et d\u00e9velopper leur activit\u00e9 dans un environnement \u00e9conomique souvent changeant. Pour beaucoup, comme Jean-Luc, propri\u00e9taire d&#039;un magasin de v\u00eatements vintage, l&#039;\u00e9quilibre entre tradition et modernit\u00e9 est crucial. Face \u00e0 la concurrence des grandes cha\u00eenes et \u00e0 l&#039;essor du commerce en ligne, Jean-Luc mise sur une exp\u00e9rience client personnalis\u00e9e et un choix de produits soigneusement s\u00e9lectionn\u00e9s pour se d\u00e9marquer.<\/p>\n<p>Au cours de ces interviews, il est frappant de constater \u00e0 quel point ces commer\u00e7ants sont attach\u00e9s \u00e0 leur quartier et \u00e0 leur client\u00e8le. Ils discutent des strat\u00e9gies qu&#039;ils emploient pour fid\u00e9liser leur base de clients, mais aussi des innovations qu&#039;ils esp\u00e8rent apporter pour rester comp\u00e9titifs. L&#039;ambition est une constante chez ces entrepreneurs : ils cherchent non seulement \u00e0 prosp\u00e9rer, mais aussi \u00e0 renforcer leur r\u00f4le en tant que pilier communautaire. Malgr\u00e9 les incertitudes \u00e9conomiques, leur passion et leur engagement demeurent in\u00e9branlables, promettant de continuer \u00e0 enrichir la vie de nos quartiers pour les ann\u00e9es \u00e0 venir.<\/p>\n<\/section>\n<\/article>\n","protected":false},"excerpt":{"rendered":"<p>Portrait de commer\u00e7ant : les figures embl\u00e9matiques de nos rues Rencontrer les commer\u00e7ants locaux, c&#039;est d\u00e9couvrir des histoires uniques qui enrichissent nos quartiers jour apr\u00e8s jour. Le portrait de commer\u00e7ant est bien plus qu&#039;une simple biographie ; il s&#039;agit de plonger dans le parcours de vie de ces entrepreneurs passionn\u00e9s qui, gr\u00e2ce \u00e0 leur r\u00e9silience&#8230;<\/p>\n","protected":false},"author":4,"featured_media":0,"comment_status":"closed","ping_status":"closed","sticky":false,"template":"","format":"standard","meta":{"_kad_post_transparent":"","_kad_post_title":"","_kad_post_layout":"","_kad_post_sidebar_id":"","_kad_post_content_style":"","_kad_post_vertical_padding":"","_kad_post_feature":"","_kad_post_feature_position":"","_kad_post_header":false,"_kad_post_footer":false,"footnotes":"","rank_math_title":"","rank_math_description":"","rank_math_canonical_url":""},"categories":[50],"tags":[],"class_list":["post-76","post","type-post","status-publish","format-standard","hentry","category-interviews"],"_links":{"self":[{"href":"https:\/\/nos-super-commercants.fr\/index.php\/wp-json\/wp\/v2\/posts\/76","targetHints":{"allow":["GET"]}}],"collection":[{"href":"https:\/\/nos-super-commercants.fr\/index.php\/wp-json\/wp\/v2\/posts"}],"about":[{"href":"https:\/\/nos-super-commercants.fr\/index.php\/wp-json\/wp\/v2\/types\/post"}],"author":[{"embeddable":true,"href":"https:\/\/nos-super-commercants.fr\/index.php\/wp-json\/wp\/v2\/users\/4"}],"replies":[{"embeddable":true,"href":"https:\/\/nos-super-commercants.fr\/index.php\/wp-json\/wp\/v2\/comments?post=76"}],"version-history":[{"count":0,"href":"https:\/\/nos-super-commercants.fr\/index.php\/wp-json\/wp\/v2\/posts\/76\/revisions"}],"wp:attachment":[{"href":"https:\/\/nos-super-commercants.fr\/index.php\/wp-json\/wp\/v2\/media?parent=76"}],"wp:term":[{"taxonomy":"category","embeddable":true,"href":"https:\/\/nos-super-commercants.fr\/index.php\/wp-json\/wp\/v2\/categories?post=76"},{"taxonomy":"post_tag","embeddable":true,"href":"https:\/\/nos-super-commercants.fr\/index.php\/wp-json\/wp\/v2\/tags?post=76"}],"curies":[{"name":"wp","href":"https:\/\/api.w.org\/{rel}","templated":true}]}}